{"id":24986,"date":"2026-09-01T12:49:28","date_gmt":"2026-09-01T12:49:28","guid":{"rendered":"https:\/\/www.prooptica.pt\/?p=24986"},"modified":"2026-09-01T14:33:10","modified_gmt":"2026-09-01T14:33:10","slug":"piper-um-regresso-as-aulas-cheio-de-cor-conforto-e-novas-aventuras","status":"publish","type":"post","link":"https:\/\/www.prooptica.pt\/es\/piper-um-regresso-as-aulas-cheio-de-cor-conforto-e-novas-aventuras\/","title":{"rendered":"Piper | Um Regresso \u00e0s Aulas cheio de cor, conforto e novas aventuras"},"content":{"rendered":"<p>Um novo ano letivo significa <strong>novos desafios, aprendizagens, amigos e muitas aventuras<\/strong>. Para acompanhar os mais novos nesta nova etapa, a <strong>Piper apresenta a sua nova cole\u00e7\u00e3o de eyewear infantil<\/strong>, acompanhada por novas imagens de campanha inspiradas no universo do Regresso \u00e0s Aulas.<\/p>\n<p>Colorida, divertida e din\u00e2mica, a campanha transporta-nos para alguns dos cen\u00e1rios que fazem parte do quotidiano das crian\u00e7as: da sala de aula ao recreio, passando pelos momentos de brincadeira e descoberta.<\/p>\n<h6><strong>\u00d3culos pensados para acompanhar os mais novos<\/strong><\/h6>\n<p>Durante a inf\u00e2ncia, os \u00f3culos acompanham um ritmo particularmente ativo. Ler, escrever, brincar, correr ou participar nas atividades extracurriculares fazem parte de dias cheios de movimento, tornando o <strong>conforto, a funcionalidade e a adapta\u00e7\u00e3o<\/strong> caracter\u00edsticas essenciais na escolha de uma arma\u00e7\u00e3o.<\/p>\n<p>A nova cole\u00e7\u00e3o Piper procura responder a estas necessidades atrav\u00e9s de propostas atuais e vers\u00e1teis, sem esquecer uma componente fundamental: permitir que cada crian\u00e7a encontre uns \u00f3culos com os quais se identifique.<\/p>\n<h6><strong>Novas formas, cores e propostas Clip-On<\/strong><\/h6>\n<p>A cole\u00e7\u00e3o apresenta <strong>novos modelos de arma\u00e7\u00e3o<\/strong>, com diferentes geometrias e uma paleta crom\u00e1tica diversificada. Formas arredondadas convivem com linhas mais estruturadas, enquanto tons neutros d\u00e3o lugar a apontamentos de azul, verde, vermelho, rosa e violeta.<\/p>\n<p>Entre as novidades encontram-se tamb\u00e9m <strong>modelos com Clip-On solar<\/strong>, uma solu\u00e7\u00e3o pr\u00e1tica que permite transformar facilmente a arma\u00e7\u00e3o oft\u00e1lmica numa op\u00e7\u00e3o solar, oferecendo maior versatilidade para acompanhar as crian\u00e7as dentro e fora da escola.<\/p>\n<h6><strong>Os \u00f3culos tamb\u00e9m s\u00e3o uma forma de express\u00e3o<\/strong><\/h6>\n<p>Para uma crian\u00e7a, escolher uns \u00f3culos pode ser muito mais do que responder a uma necessidade visual. As cores, as formas e os detalhes ajudam a transformar a arma\u00e7\u00e3o num acess\u00f3rio que faz parte da sua identidade.<\/p>\n<p>\u00c9 precisamente este esp\u00edrito que a Piper procura transmitir: <strong>\u00f3culos divertidos, confort\u00e1veis e cheios de personalidade<\/strong>, pensados para que os mais novos tenham vontade de os usar e se sintam confiantes com a sua escolha.<\/p>\n<h6><strong>Uma campanha que celebra a inf\u00e2ncia<\/strong><\/h6>\n<p>As novas imagens de campanha Piper refletem toda esta energia atrav\u00e9s de <strong>cen\u00e1rios escolares vibrantes, cor, movimento e espontaneidade<\/strong>.<\/p>\n<p>Entre brincadeiras no recreio e momentos de aprendizagem, a campanha celebra uma inf\u00e2ncia feita de curiosidade e descoberta, mostrando os \u00f3culos como verdadeiros companheiros das pequenas e grandes aventuras de cada dia.<\/p>\n<p>Neste Regresso \u00e0s Aulas, a Piper est\u00e1 pronta para acompanhar os mais novos num novo cap\u00edtulo cheio de hist\u00f3rias para viver, amigos para reencontrar e muito para descobrir.<\/p>\n<p><strong>Piper \u2014 preparada para um novo ano de grandes aventuras.<\/strong><\/p>","protected":false},"excerpt":{"rendered":"<p>Um novo ano letivo significa novos desafios, aprendizagens, amigos e muitas aventuras. Para acompanhar os mais novos nesta nova etapa, a Piper apresenta a sua nova cole\u00e7\u00e3o de eyewear infantil, acompanhada por novas imagens de campanha inspiradas no universo do Regresso \u00e0s Aulas. Colorida, divertida e din\u00e2mica, a campanha transporta-nos para alguns dos cen\u00e1rios que [&hellip;]<\/p>\n","protected":false},"author":2,"featured_media":24987,"comment_status":"closed","ping_status":"closed","sticky":false,"template":"","format":"standard","meta":{"footnotes":""},"categories":[189],"tags":[],"class_list":["post-24986","post","type-post","status-publish","format-standard","has-post-thumbnail","hentry","category-oculos"],"yoast_head":"<!-- This site is optimized with the Yoast SEO plugin v28.3 - https:\/\/yoast.com\/product\/yoast-seo-wordpress\/ -->\n<title>Piper | Um Regresso \u00e0s Aulas cheio de novas aventuras<\/title>\n<meta name=\"description\" content=\"Neste Regresso \u00e0s Aulas, a Piper est\u00e1 pronta para acompanhar os mais novos num novo cap\u00edtulo cheio de hist\u00f3rias para viver.\" \/>\n<meta name=\"robots\" content=\"index, follow, max-snippet:-1, max-image-preview:large, max-video-preview:-1\" \/>\n<link rel=\"canonical\" href=\"https:\/\/www.prooptica.pt\/es\/piper-um-regresso-as-aulas-cheio-de-cor-conforto-e-novas-aventuras\/\" \/>\n<meta property=\"og:locale\" content=\"es_ES\" \/>\n<meta property=\"og:type\" content=\"article\" \/>\n<meta property=\"og:title\" content=\"Piper | Um Regresso \u00e0s Aulas cheio de novas aventuras\" \/>\n<meta property=\"og:description\" content=\"Neste Regresso \u00e0s Aulas, a Piper est\u00e1 pronta para acompanhar os mais novos num novo cap\u00edtulo cheio de hist\u00f3rias para viver.\" \/>\n<meta property=\"og:url\" content=\"https:\/\/www.prooptica.pt\/es\/piper-um-regresso-as-aulas-cheio-de-cor-conforto-e-novas-aventuras\/\" \/>\n<meta property=\"og:site_name\" content=\"Prooptica\" \/>\n<meta property=\"article:published_time\" content=\"2026-09-01T12:49:28+00:00\" \/>\n<meta property=\"article:modified_time\" content=\"2026-09-01T14:33:10+00:00\" \/>\n<meta property=\"og:image\" content=\"https:\/\/www.prooptica.pt\/wp-content\/uploads\/2026\/09\/Capa-artigo-blog.jpg\" \/>\n\t<meta property=\"og:image:width\" content=\"852\" \/>\n\t<meta property=\"og:image:height\" content=\"514\" \/>\n\t<meta property=\"og:image:type\" content=\"image\/jpeg\" \/>\n<meta name=\"author\" content=\"admin\" \/>\n<meta name=\"twitter:card\" content=\"summary_large_image\" \/>\n<meta name=\"twitter:label1\" content=\"Escrito por\" \/>\n\t<meta name=\"twitter:data1\" content=\"admin\" \/>\n\t<meta name=\"twitter:label2\" content=\"Tiempo de lectura\" \/>\n\t<meta name=\"twitter:data2\" content=\"3 minutos\" \/>\n<script type=\"application\/ld+json\" class=\"yoast-schema-graph\">{\"@context\":\"https:\\\/\\\/schema.org\",\"@graph\":[{\"@type\":\"Article\",\"@id\":\"https:\\\/\\\/www.prooptica.pt\\\/piper-um-regresso-as-aulas-cheio-de-cor-conforto-e-novas-aventuras\\\/#article\",\"isPartOf\":{\"@id\":\"https:\\\/\\\/www.prooptica.pt\\\/piper-um-regresso-as-aulas-cheio-de-cor-conforto-e-novas-aventuras\\\/\"},\"author\":{\"name\":\"admin\",\"@id\":\"https:\\\/\\\/www.prooptica.pt\\\/home\\\/#\\\/schema\\\/person\\\/1cbd826a9322a3c38a052e43d1638306\"},\"headline\":\"Piper | Um Regresso \u00e0s Aulas cheio de cor, conforto e novas aventuras\",\"datePublished\":\"2026-09-01T12:49:28+00:00\",\"dateModified\":\"2026-09-01T14:33:10+00:00\",\"mainEntityOfPage\":{\"@id\":\"https:\\\/\\\/www.prooptica.pt\\\/piper-um-regresso-as-aulas-cheio-de-cor-conforto-e-novas-aventuras\\\/\"},\"wordCount\":452,\"image\":{\"@id\":\"https:\\\/\\\/www.prooptica.pt\\\/piper-um-regresso-as-aulas-cheio-de-cor-conforto-e-novas-aventuras\\\/#primaryimage\"},\"thumbnailUrl\":\"https:\\\/\\\/www.prooptica.pt\\\/wp-content\\\/uploads\\\/2026\\\/09\\\/Capa-artigo-blog.jpg\",\"articleSection\":[\"\u00d3culos\"],\"inLanguage\":\"es\"},{\"@type\":\"WebPage\",\"@id\":\"https:\\\/\\\/www.prooptica.pt\\\/piper-um-regresso-as-aulas-cheio-de-cor-conforto-e-novas-aventuras\\\/\",\"url\":\"https:\\\/\\\/www.prooptica.pt\\\/piper-um-regresso-as-aulas-cheio-de-cor-conforto-e-novas-aventuras\\\/\",\"name\":\"Piper | Um Regresso \u00e0s Aulas cheio de novas aventuras\",\"isPartOf\":{\"@id\":\"https:\\\/\\\/www.prooptica.pt\\\/home\\\/#website\"},\"primaryImageOfPage\":{\"@id\":\"https:\\\/\\\/www.prooptica.pt\\\/piper-um-regresso-as-aulas-cheio-de-cor-conforto-e-novas-aventuras\\\/#primaryimage\"},\"image\":{\"@id\":\"https:\\\/\\\/www.prooptica.pt\\\/piper-um-regresso-as-aulas-cheio-de-cor-conforto-e-novas-aventuras\\\/#primaryimage\"},\"thumbnailUrl\":\"https:\\\/\\\/www.prooptica.pt\\\/wp-content\\\/uploads\\\/2026\\\/09\\\/Capa-artigo-blog.jpg\",\"datePublished\":\"2026-09-01T12:49:28+00:00\",\"dateModified\":\"2026-09-01T14:33:10+00:00\",\"author\":{\"@id\":\"https:\\\/\\\/www.prooptica.pt\\\/home\\\/#\\\/schema\\\/person\\\/1cbd826a9322a3c38a052e43d1638306\"},\"description\":\"Neste Regresso \u00e0s Aulas, a Piper est\u00e1 pronta para acompanhar os mais novos num novo cap\u00edtulo cheio de hist\u00f3rias para viver.\",\"breadcrumb\":{\"@id\":\"https:\\\/\\\/www.prooptica.pt\\\/piper-um-regresso-as-aulas-cheio-de-cor-conforto-e-novas-aventuras\\\/#breadcrumb\"},\"inLanguage\":\"es\",\"potentialAction\":[{\"@type\":\"ReadAction\",\"target\":[\"https:\\\/\\\/www.prooptica.pt\\\/piper-um-regresso-as-aulas-cheio-de-cor-conforto-e-novas-aventuras\\\/\"]}]},{\"@type\":\"ImageObject\",\"inLanguage\":\"es\",\"@id\":\"https:\\\/\\\/www.prooptica.pt\\\/piper-um-regresso-as-aulas-cheio-de-cor-conforto-e-novas-aventuras\\\/#primaryimage\",\"url\":\"https:\\\/\\\/www.prooptica.pt\\\/wp-content\\\/uploads\\\/2026\\\/09\\\/Capa-artigo-blog.jpg\",\"contentUrl\":\"https:\\\/\\\/www.prooptica.pt\\\/wp-content\\\/uploads\\\/2026\\\/09\\\/Capa-artigo-blog.jpg\",\"width\":852,\"height\":514},{\"@type\":\"BreadcrumbList\",\"@id\":\"https:\\\/\\\/www.prooptica.pt\\\/piper-um-regresso-as-aulas-cheio-de-cor-conforto-e-novas-aventuras\\\/#breadcrumb\",\"itemListElement\":[{\"@type\":\"ListItem\",\"position\":1,\"name\":\"In\u00edcio\",\"item\":\"https:\\\/\\\/www.prooptica.pt\\\/\"},{\"@type\":\"ListItem\",\"position\":2,\"name\":\"Piper | Um Regresso \u00e0s Aulas cheio de cor, conforto e novas aventuras\"}]},{\"@type\":\"WebSite\",\"@id\":\"https:\\\/\\\/www.prooptica.pt\\\/home\\\/#website\",\"url\":\"https:\\\/\\\/www.prooptica.pt\\\/home\\\/\",\"name\":\"Prooptica\",\"description\":\"Full Eyewear Concept\",\"potentialAction\":[{\"@type\":\"SearchAction\",\"target\":{\"@type\":\"EntryPoint\",\"urlTemplate\":\"https:\\\/\\\/www.prooptica.pt\\\/home\\\/?s={search_term_string}\"},\"query-input\":{\"@type\":\"PropertyValueSpecification\",\"valueRequired\":true,\"valueName\":\"search_term_string\"}}],\"inLanguage\":\"es\"},{\"@type\":\"Person\",\"@id\":\"https:\\\/\\\/www.prooptica.pt\\\/home\\\/#\\\/schema\\\/person\\\/1cbd826a9322a3c38a052e43d1638306\",\"name\":\"admin\",\"image\":{\"@type\":\"ImageObject\",\"inLanguage\":\"es\",\"@id\":\"https:\\\/\\\/secure.gravatar.com\\\/avatar\\\/528c714482569d81724b02603aa719344e9ad7c0b50becf07272b2086b2c1cfd?s=96&d=mm&r=g\",\"url\":\"https:\\\/\\\/secure.gravatar.com\\\/avatar\\\/528c714482569d81724b02603aa719344e9ad7c0b50becf07272b2086b2c1cfd?s=96&d=mm&r=g\",\"contentUrl\":\"https:\\\/\\\/secure.gravatar.com\\\/avatar\\\/528c714482569d81724b02603aa719344e9ad7c0b50becf07272b2086b2c1cfd?s=96&d=mm&r=g\",\"caption\":\"admin\"},\"url\":\"https:\\\/\\\/www.prooptica.pt\\\/es\\\/author\\\/admin\\\/\"}]}<\/script>\n<!-- \/ Yoast SEO plugin. -->","yoast_head_json":{"title":"Piper | Um Regresso \u00e0s Aulas cheio de novas aventuras","description":"Neste Regresso \u00e0s Aulas, a Piper est\u00e1 pronta para acompanhar os mais novos num novo cap\u00edtulo cheio de hist\u00f3rias para viver.","robots":{"index":"index","follow":"follow","max-snippet":"max-snippet:-1","max-image-preview":"max-image-preview:large","max-video-preview":"max-video-preview:-1"},"canonical":"https:\/\/www.prooptica.pt\/es\/piper-um-regresso-as-aulas-cheio-de-cor-conforto-e-novas-aventuras\/","og_locale":"es_ES","og_type":"article","og_title":"Piper | Um Regresso \u00e0s Aulas cheio de novas aventuras","og_description":"Neste Regresso \u00e0s Aulas, a Piper est\u00e1 pronta para acompanhar os mais novos num novo cap\u00edtulo cheio de hist\u00f3rias para viver.","og_url":"https:\/\/www.prooptica.pt\/es\/piper-um-regresso-as-aulas-cheio-de-cor-conforto-e-novas-aventuras\/","og_site_name":"Prooptica","article_published_time":"2026-09-01T12:49:28+00:00","article_modified_time":"2026-09-01T14:33:10+00:00","og_image":[{"width":852,"height":514,"url":"https:\/\/www.prooptica.pt\/wp-content\/uploads\/2026\/09\/Capa-artigo-blog.jpg","type":"image\/jpeg"}],"author":"admin","twitter_card":"summary_large_image","twitter_misc":{"Escrito por":"admin","Tiempo de lectura":"3 minutos"},"schema":{"@context":"https:\/\/schema.org","@graph":[{"@type":"Article","@id":"https:\/\/www.prooptica.pt\/piper-um-regresso-as-aulas-cheio-de-cor-conforto-e-novas-aventuras\/#article","isPartOf":{"@id":"https:\/\/www.prooptica.pt\/piper-um-regresso-as-aulas-cheio-de-cor-conforto-e-novas-aventuras\/"},"author":{"name":"admin","@id":"https:\/\/www.prooptica.pt\/home\/#\/schema\/person\/1cbd826a9322a3c38a052e43d1638306"},"headline":"Piper | Um Regresso \u00e0s Aulas cheio de cor, conforto e novas aventuras","datePublished":"2026-09-01T12:49:28+00:00","dateModified":"2026-09-01T14:33:10+00:00","mainEntityOfPage":{"@id":"https:\/\/www.prooptica.pt\/piper-um-regresso-as-aulas-cheio-de-cor-conforto-e-novas-aventuras\/"},"wordCount":452,"image":{"@id":"https:\/\/www.prooptica.pt\/piper-um-regresso-as-aulas-cheio-de-cor-conforto-e-novas-aventuras\/#primaryimage"},"thumbnailUrl":"https:\/\/www.prooptica.pt\/wp-content\/uploads\/2026\/09\/Capa-artigo-blog.jpg","articleSection":["\u00d3culos"],"inLanguage":"es"},{"@type":"WebPage","@id":"https:\/\/www.prooptica.pt\/piper-um-regresso-as-aulas-cheio-de-cor-conforto-e-novas-aventuras\/","url":"https:\/\/www.prooptica.pt\/piper-um-regresso-as-aulas-cheio-de-cor-conforto-e-novas-aventuras\/","name":"Piper | Um Regresso \u00e0s Aulas cheio de novas aventuras","isPartOf":{"@id":"https:\/\/www.prooptica.pt\/home\/#website"},"primaryImageOfPage":{"@id":"https:\/\/www.prooptica.pt\/piper-um-regresso-as-aulas-cheio-de-cor-conforto-e-novas-aventuras\/#primaryimage"},"image":{"@id":"https:\/\/www.prooptica.pt\/piper-um-regresso-as-aulas-cheio-de-cor-conforto-e-novas-aventuras\/#primaryimage"},"thumbnailUrl":"https:\/\/www.prooptica.pt\/wp-content\/uploads\/2026\/09\/Capa-artigo-blog.jpg","datePublished":"2026-09-01T12:49:28+00:00","dateModified":"2026-09-01T14:33:10+00:00","author":{"@id":"https:\/\/www.prooptica.pt\/home\/#\/schema\/person\/1cbd826a9322a3c38a052e43d1638306"},"description":"Neste Regresso \u00e0s Aulas, a Piper est\u00e1 pronta para acompanhar os mais novos num novo cap\u00edtulo cheio de hist\u00f3rias para viver.","breadcrumb":{"@id":"https:\/\/www.prooptica.pt\/piper-um-regresso-as-aulas-cheio-de-cor-conforto-e-novas-aventuras\/#breadcrumb"},"inLanguage":"es","potentialAction":[{"@type":"ReadAction","target":["https:\/\/www.prooptica.pt\/piper-um-regresso-as-aulas-cheio-de-cor-conforto-e-novas-aventuras\/"]}]},{"@type":"ImageObject","inLanguage":"es","@id":"https:\/\/www.prooptica.pt\/piper-um-regresso-as-aulas-cheio-de-cor-conforto-e-novas-aventuras\/#primaryimage","url":"https:\/\/www.prooptica.pt\/wp-content\/uploads\/2026\/09\/Capa-artigo-blog.jpg","contentUrl":"https:\/\/www.prooptica.pt\/wp-content\/uploads\/2026\/09\/Capa-artigo-blog.jpg","width":852,"height":514},{"@type":"BreadcrumbList","@id":"https:\/\/www.prooptica.pt\/piper-um-regresso-as-aulas-cheio-de-cor-conforto-e-novas-aventuras\/#breadcrumb","itemListElement":[{"@type":"ListItem","position":1,"name":"In\u00edcio","item":"https:\/\/www.prooptica.pt\/"},{"@type":"ListItem","position":2,"name":"Piper | Um Regresso \u00e0s Aulas cheio de cor, conforto e novas aventuras"}]},{"@type":"WebSite","@id":"https:\/\/www.prooptica.pt\/home\/#website","url":"https:\/\/www.prooptica.pt\/home\/","name":"Prooptica","description":"Concepto de gafas completas","potentialAction":[{"@type":"SearchAction","target":{"@type":"EntryPoint","urlTemplate":"https:\/\/www.prooptica.pt\/home\/?s={search_term_string}"},"query-input":{"@type":"PropertyValueSpecification","valueRequired":true,"valueName":"search_term_string"}}],"inLanguage":"es"},{"@type":"Person","@id":"https:\/\/www.prooptica.pt\/home\/#\/schema\/person\/1cbd826a9322a3c38a052e43d1638306","name":"admin","image":{"@type":"ImageObject","inLanguage":"es","@id":"https:\/\/secure.gravatar.com\/avatar\/528c714482569d81724b02603aa719344e9ad7c0b50becf07272b2086b2c1cfd?s=96&d=mm&r=g","url":"https:\/\/secure.gravatar.com\/avatar\/528c714482569d81724b02603aa719344e9ad7c0b50becf07272b2086b2c1cfd?s=96&d=mm&r=g","contentUrl":"https:\/\/secure.gravatar.com\/avatar\/528c714482569d81724b02603aa719344e9ad7c0b50becf07272b2086b2c1cfd?s=96&d=mm&r=g","caption":"admin"},"url":"https:\/\/www.prooptica.pt\/es\/author\/admin\/"}]}},"_links":{"self":[{"href":"https:\/\/www.prooptica.pt\/es\/wp-json\/wp\/v2\/posts\/24986","targetHints":{"allow":["GET"]}}],"collection":[{"href":"https:\/\/www.prooptica.pt\/es\/wp-json\/wp\/v2\/posts"}],"about":[{"href":"https:\/\/www.prooptica.pt\/es\/wp-json\/wp\/v2\/types\/post"}],"author":[{"embeddable":true,"href":"https:\/\/www.prooptica.pt\/es\/wp-json\/wp\/v2\/users\/2"}],"replies":[{"embeddable":true,"href":"https:\/\/www.prooptica.pt\/es\/wp-json\/wp\/v2\/comments?post=24986"}],"version-history":[{"count":1,"href":"https:\/\/www.prooptica.pt\/es\/wp-json\/wp\/v2\/posts\/24986\/revisions"}],"predecessor-version":[{"id":24988,"href":"https:\/\/www.prooptica.pt\/es\/wp-json\/wp\/v2\/posts\/24986\/revisions\/24988"}],"wp:featuredmedia":[{"embeddable":true,"href":"https:\/\/www.prooptica.pt\/es\/wp-json\/wp\/v2\/media\/24987"}],"wp:attachment":[{"href":"https:\/\/www.prooptica.pt\/es\/wp-json\/wp\/v2\/media?parent=24986"}],"wp:term":[{"taxonomy":"category","embeddable":true,"href":"https:\/\/www.prooptica.pt\/es\/wp-json\/wp\/v2\/categories?post=24986"},{"taxonomy":"post_tag","embeddable":true,"href":"https:\/\/www.prooptica.pt\/es\/wp-json\/wp\/v2\/tags?post=24986"}],"curies":[{"name":"wp","href":"https:\/\/api.w.org\/{rel}","templated":true}]}}