{"id":5985,"date":"2022-06-24T15:41:16","date_gmt":"2022-06-24T15:41:16","guid":{"rendered":"https:\/\/prooptica.pt\/?p=5985"},"modified":"2023-02-01T15:38:11","modified_gmt":"2023-02-01T15:38:11","slug":"prooptica-firma-un-protocolo-de-cooperacion-con-casa-do-artista","status":"publish","type":"post","link":"https:\/\/www.prooptica.pt\/es\/prooptica-assina-protocolo-de-cooperacao-com-a-casa-do-artista\/","title":{"rendered":"Prooptica firma un protocolo de cooperaci\u00f3n con la Casa do Artista"},"content":{"rendered":"<p>Prooptica, en colaboraci\u00f3n con <span style=\"color: #52a0d7;\"><a style=\"color: #52a0d7;\" href=\"https:\/\/amaliarodrigues.pt\/\" target=\"_blank\" rel=\"noopener noreferrer\">Fundaci\u00f3n Am\u00e1lia Rodrigues<\/a><\/span>firm\u00f3 el 23 de junio un Protocolo de Cooperaci\u00f3n con el <a href=\"http:\/\/www.casadoartista.net\/\" target=\"_blank\" rel=\"noopener noreferrer\"><span style=\"color: #52a0d7;\">Casa del artista<\/span><\/a>.<\/p>\n<p>Esta iniciativa se inscribe en una pol\u00edtica de responsabilidad social que Prooptica lleva a cabo desde hace varios a\u00f1os con diversas instituciones de apoyo a la infancia y la juventud<br \/>\nen situaciones de riesgo. Este apoyo se ha ampliado ahora a la poblaci\u00f3n de la tercera edad y garantizar\u00e1 el acceso a revisiones diagn\u00f3sticas y el suministro de monturas y lentes a los usuarios de la Casa do Artista.<\/p>\n<p>El Presidente de la Fundaci\u00f3n Am\u00e1lia Rodrigues, Joaquim Vicente Rodrigues, considera que la firma de este protocolo de cooperaci\u00f3n con la Casa do Artista \"cumple los deseos de Am\u00e1lia\". En su testamento, la artista expres\u00f3 su deseo de que la Fundaci\u00f3n Am\u00e1lia Rodrigues continuase apoyando causas ben\u00e9ficas.<\/p>\n<p>Para el Director General de Prooptica, <span style=\"color: #52a0d7;\"><a style=\"color: #52a0d7;\" href=\"https:\/\/www.linkedin.com\/in\/ljustino\/\" target=\"_blank\" rel=\"noopener noreferrer\">Luis Justino<\/a><\/span>Esta es otra iniciativa que cumple el objetivo de Prooptica.<\/p>\n<div id='gallery-1' class='gallery galleryid-5985 gallery-columns-2 gallery-size-full'><figure class='gallery-item'>\n\t\t\t<div class='gallery-icon landscape'>\n\t\t\t\t<img fetchpriority=\"high\" decoding=\"async\" width=\"2560\" height=\"1707\" src=\"https:\/\/www.prooptica.pt\/wp-content\/uploads\/2022\/01\/IMG_8289-scaled.jpg\" class=\"attachment-full size-full\" alt=\"\" srcset=\"https:\/\/www.prooptica.pt\/wp-content\/uploads\/2022\/01\/IMG_8289-scaled.jpg 2560w, https:\/\/www.prooptica.pt\/wp-content\/uploads\/2022\/01\/IMG_8289-300x200.jpg 300w, https:\/\/www.prooptica.pt\/wp-content\/uploads\/2022\/01\/IMG_8289-1024x683.jpg 1024w, https:\/\/www.prooptica.pt\/wp-content\/uploads\/2022\/01\/IMG_8289-768x512.jpg 768w, https:\/\/www.prooptica.pt\/wp-content\/uploads\/2022\/01\/IMG_8289-1536x1024.jpg 1536w, https:\/\/www.prooptica.pt\/wp-content\/uploads\/2022\/01\/IMG_8289-2048x1365.jpg 2048w\" sizes=\"(max-width: 2560px) 100vw, 2560px\" \/>\n\t\t\t<\/div><\/figure><figure class='gallery-item'>\n\t\t\t<div class='gallery-icon landscape'>\n\t\t\t\t<img decoding=\"async\" width=\"2560\" height=\"1706\" src=\"https:\/\/www.prooptica.pt\/wp-content\/uploads\/2022\/01\/IMG_8332-scaled.jpg\" class=\"attachment-full size-full\" alt=\"\" srcset=\"https:\/\/www.prooptica.pt\/wp-content\/uploads\/2022\/01\/IMG_8332-scaled.jpg 2560w, https:\/\/www.prooptica.pt\/wp-content\/uploads\/2022\/01\/IMG_8332-300x200.jpg 300w, https:\/\/www.prooptica.pt\/wp-content\/uploads\/2022\/01\/IMG_8332-1024x683.jpg 1024w, https:\/\/www.prooptica.pt\/wp-content\/uploads\/2022\/01\/IMG_8332-768x512.jpg 768w, https:\/\/www.prooptica.pt\/wp-content\/uploads\/2022\/01\/IMG_8332-1536x1024.jpg 1536w, https:\/\/www.prooptica.pt\/wp-content\/uploads\/2022\/01\/IMG_8332-2048x1365.jpg 2048w\" sizes=\"(max-width: 2560px) 100vw, 2560px\" \/>\n\t\t\t<\/div><\/figure>\n\t\t<\/div>\n\n<blockquote>\n<p style=\"text-align: center; line-height: 36px;\">\"Ayudar a crear una sociedad civil vibrante y exigente que construya el pa\u00eds que queremos ser\".<\/p>\n<p style=\"text-align: center; line-height: 36px;\"><cite>Director General - Lu\u00eds Justino<\/cite><\/p>\n<\/blockquote>","protected":false},"excerpt":{"rendered":"<p>A Prooptica, em parceria com a Funda\u00e7\u00e3o Am\u00e1lia Rodrigues, assinou no passado dia 23 de Junho um Protocolo de Coopera\u00e7\u00e3o com a Casa do Artista. Esta iniciativa surge no \u00e2mbito de uma pol\u00edtica de responsabilidade social que, h\u00e1 v\u00e1rios anos, a Prooptica desenvolve junto de [\u2026]<\/p>\n","protected":false},"author":3,"featured_media":5986,"comment_status":"open","ping_status":"open","sticky":false,"template":"","format":"standard","meta":{"footnotes":""},"categories":[195,43],"tags":[],"class_list":["post-5985","post","type-post","status-publish","format-standard","has-post-thumbnail","hentry","category-institucional","category-solidariedade"],"yoast_head":"<!-- This site is optimized with the Yoast SEO plugin v27.5 - https:\/\/yoast.com\/product\/yoast-seo-wordpress\/ -->\n<title>Prooptica assina Protocolo de Coopera\u00e7\u00e3o com a Casa do Artista - Prooptica<\/title>\n<meta name=\"robots\" content=\"index, follow, max-snippet:-1, max-image-preview:large, max-video-preview:-1\" \/>\n<link rel=\"canonical\" href=\"https:\/\/www.prooptica.pt\/es\/prooptica-firma-un-protocolo-de-cooperacion-con-casa-do-artista\/\" \/>\n<meta property=\"og:locale\" content=\"es_ES\" \/>\n<meta property=\"og:type\" content=\"article\" \/>\n<meta property=\"og:title\" content=\"Prooptica assina Protocolo de Coopera\u00e7\u00e3o com a Casa do Artista - Prooptica\" \/>\n<meta property=\"og:description\" content=\"A Prooptica, em parceria com a Funda\u00e7\u00e3o Am\u00e1lia Rodrigues, assinou no passado dia 23 de Junho um Protocolo de Coopera\u00e7\u00e3o com a Casa do Artista. Esta iniciativa surge no \u00e2mbito de uma pol\u00edtica de responsabilidade social que, h\u00e1 v\u00e1rios anos, a Prooptica desenvolve junto de [\u2026]\" \/>\n<meta property=\"og:url\" content=\"https:\/\/www.prooptica.pt\/es\/prooptica-firma-un-protocolo-de-cooperacion-con-casa-do-artista\/\" \/>\n<meta property=\"og:site_name\" content=\"Prooptica\" \/>\n<meta property=\"article:published_time\" content=\"2022-06-24T15:41:16+00:00\" \/>\n<meta property=\"article:modified_time\" content=\"2023-02-01T15:38:11+00:00\" \/>\n<meta property=\"og:image\" content=\"https:\/\/www.prooptica.pt\/wp-content\/uploads\/2022\/01\/IMG_8289-scaled.jpg\" \/>\n\t<meta property=\"og:image:width\" content=\"2560\" \/>\n\t<meta property=\"og:image:height\" content=\"1707\" \/>\n\t<meta property=\"og:image:type\" content=\"image\/jpeg\" \/>\n<meta name=\"author\" content=\"Marketing Prooptica\" \/>\n<meta name=\"twitter:card\" content=\"summary_large_image\" \/>\n<meta name=\"twitter:label1\" content=\"Escrito por\" \/>\n\t<meta name=\"twitter:data1\" content=\"Marketing Prooptica\" \/>\n\t<meta name=\"twitter:label2\" content=\"Tiempo de lectura\" \/>\n\t<meta name=\"twitter:data2\" content=\"1 minuto\" \/>\n<script type=\"application\/ld+json\" class=\"yoast-schema-graph\">{\"@context\":\"https:\\\/\\\/schema.org\",\"@graph\":[{\"@type\":\"Article\",\"@id\":\"https:\\\/\\\/www.prooptica.pt\\\/prooptica-assina-protocolo-de-cooperacao-com-a-casa-do-artista\\\/#article\",\"isPartOf\":{\"@id\":\"https:\\\/\\\/www.prooptica.pt\\\/prooptica-assina-protocolo-de-cooperacao-com-a-casa-do-artista\\\/\"},\"author\":{\"name\":\"Marketing Prooptica\",\"@id\":\"https:\\\/\\\/www.prooptica.pt\\\/home\\\/#\\\/schema\\\/person\\\/c3afe955f42eef7c9c157838d5be4f29\"},\"headline\":\"Prooptica assina Protocolo de Coopera\u00e7\u00e3o com a Casa do Artista\",\"datePublished\":\"2022-06-24T15:41:16+00:00\",\"dateModified\":\"2023-02-01T15:38:11+00:00\",\"mainEntityOfPage\":{\"@id\":\"https:\\\/\\\/www.prooptica.pt\\\/prooptica-assina-protocolo-de-cooperacao-com-a-casa-do-artista\\\/\"},\"wordCount\":210,\"commentCount\":0,\"image\":{\"@id\":\"https:\\\/\\\/www.prooptica.pt\\\/prooptica-assina-protocolo-de-cooperacao-com-a-casa-do-artista\\\/#primaryimage\"},\"thumbnailUrl\":\"https:\\\/\\\/www.prooptica.pt\\\/wp-content\\\/uploads\\\/2022\\\/01\\\/IMG_8289-scaled.jpg\",\"articleSection\":[\"Institucional\",\"Solidariedade\"],\"inLanguage\":\"es\"},{\"@type\":\"WebPage\",\"@id\":\"https:\\\/\\\/www.prooptica.pt\\\/prooptica-assina-protocolo-de-cooperacao-com-a-casa-do-artista\\\/\",\"url\":\"https:\\\/\\\/www.prooptica.pt\\\/prooptica-assina-protocolo-de-cooperacao-com-a-casa-do-artista\\\/\",\"name\":\"Prooptica assina Protocolo de Coopera\u00e7\u00e3o com a Casa do Artista - Prooptica\",\"isPartOf\":{\"@id\":\"https:\\\/\\\/www.prooptica.pt\\\/home\\\/#website\"},\"primaryImageOfPage\":{\"@id\":\"https:\\\/\\\/www.prooptica.pt\\\/prooptica-assina-protocolo-de-cooperacao-com-a-casa-do-artista\\\/#primaryimage\"},\"image\":{\"@id\":\"https:\\\/\\\/www.prooptica.pt\\\/prooptica-assina-protocolo-de-cooperacao-com-a-casa-do-artista\\\/#primaryimage\"},\"thumbnailUrl\":\"https:\\\/\\\/www.prooptica.pt\\\/wp-content\\\/uploads\\\/2022\\\/01\\\/IMG_8289-scaled.jpg\",\"datePublished\":\"2022-06-24T15:41:16+00:00\",\"dateModified\":\"2023-02-01T15:38:11+00:00\",\"author\":{\"@id\":\"https:\\\/\\\/www.prooptica.pt\\\/home\\\/#\\\/schema\\\/person\\\/c3afe955f42eef7c9c157838d5be4f29\"},\"breadcrumb\":{\"@id\":\"https:\\\/\\\/www.prooptica.pt\\\/prooptica-assina-protocolo-de-cooperacao-com-a-casa-do-artista\\\/#breadcrumb\"},\"inLanguage\":\"es\",\"potentialAction\":[{\"@type\":\"ReadAction\",\"target\":[\"https:\\\/\\\/www.prooptica.pt\\\/prooptica-assina-protocolo-de-cooperacao-com-a-casa-do-artista\\\/\"]}]},{\"@type\":\"ImageObject\",\"inLanguage\":\"es\",\"@id\":\"https:\\\/\\\/www.prooptica.pt\\\/prooptica-assina-protocolo-de-cooperacao-com-a-casa-do-artista\\\/#primaryimage\",\"url\":\"https:\\\/\\\/www.prooptica.pt\\\/wp-content\\\/uploads\\\/2022\\\/01\\\/IMG_8289-scaled.jpg\",\"contentUrl\":\"https:\\\/\\\/www.prooptica.pt\\\/wp-content\\\/uploads\\\/2022\\\/01\\\/IMG_8289-scaled.jpg\",\"width\":2560,\"height\":1707},{\"@type\":\"BreadcrumbList\",\"@id\":\"https:\\\/\\\/www.prooptica.pt\\\/prooptica-assina-protocolo-de-cooperacao-com-a-casa-do-artista\\\/#breadcrumb\",\"itemListElement\":[{\"@type\":\"ListItem\",\"position\":1,\"name\":\"In\u00edcio\",\"item\":\"https:\\\/\\\/www.prooptica.pt\\\/\"},{\"@type\":\"ListItem\",\"position\":2,\"name\":\"Prooptica assina Protocolo de Coopera\u00e7\u00e3o com a Casa do Artista\"}]},{\"@type\":\"WebSite\",\"@id\":\"https:\\\/\\\/www.prooptica.pt\\\/home\\\/#website\",\"url\":\"https:\\\/\\\/www.prooptica.pt\\\/home\\\/\",\"name\":\"Prooptica\",\"description\":\"Full Eyewear Concept\",\"potentialAction\":[{\"@type\":\"SearchAction\",\"target\":{\"@type\":\"EntryPoint\",\"urlTemplate\":\"https:\\\/\\\/www.prooptica.pt\\\/home\\\/?s={search_term_string}\"},\"query-input\":{\"@type\":\"PropertyValueSpecification\",\"valueRequired\":true,\"valueName\":\"search_term_string\"}}],\"inLanguage\":\"es\"},{\"@type\":\"Person\",\"@id\":\"https:\\\/\\\/www.prooptica.pt\\\/home\\\/#\\\/schema\\\/person\\\/c3afe955f42eef7c9c157838d5be4f29\",\"name\":\"Marketing Prooptica\",\"image\":{\"@type\":\"ImageObject\",\"inLanguage\":\"es\",\"@id\":\"https:\\\/\\\/secure.gravatar.com\\\/avatar\\\/23248622405e2ce007d39ad746d368991c744fa6fce97036e33e8d9221859ae3?s=96&d=mm&r=g\",\"url\":\"https:\\\/\\\/secure.gravatar.com\\\/avatar\\\/23248622405e2ce007d39ad746d368991c744fa6fce97036e33e8d9221859ae3?s=96&d=mm&r=g\",\"contentUrl\":\"https:\\\/\\\/secure.gravatar.com\\\/avatar\\\/23248622405e2ce007d39ad746d368991c744fa6fce97036e33e8d9221859ae3?s=96&d=mm&r=g\",\"caption\":\"Marketing Prooptica\"},\"url\":\"https:\\\/\\\/www.prooptica.pt\\\/es\\\/author\\\/marketing\\\/\"}]}<\/script>\n<!-- \/ Yoast SEO plugin. -->","yoast_head_json":{"title":"Prooptica firma un protocolo de cooperaci\u00f3n con la Casa do Artista - Prooptica","robots":{"index":"index","follow":"follow","max-snippet":"max-snippet:-1","max-image-preview":"max-image-preview:large","max-video-preview":"max-video-preview:-1"},"canonical":"https:\/\/www.prooptica.pt\/es\/prooptica-firma-un-protocolo-de-cooperacion-con-casa-do-artista\/","og_locale":"es_ES","og_type":"article","og_title":"Prooptica assina Protocolo de Coopera\u00e7\u00e3o com a Casa do Artista - Prooptica","og_description":"A Prooptica, em parceria com a Funda\u00e7\u00e3o Am\u00e1lia Rodrigues, assinou no passado dia 23 de Junho um Protocolo de Coopera\u00e7\u00e3o com a Casa do Artista. Esta iniciativa surge no \u00e2mbito de uma pol\u00edtica de responsabilidade social que, h\u00e1 v\u00e1rios anos, a Prooptica desenvolve junto de [\u2026]","og_url":"https:\/\/www.prooptica.pt\/es\/prooptica-firma-un-protocolo-de-cooperacion-con-casa-do-artista\/","og_site_name":"Prooptica","article_published_time":"2022-06-24T15:41:16+00:00","article_modified_time":"2023-02-01T15:38:11+00:00","og_image":[{"width":2560,"height":1707,"url":"https:\/\/www.prooptica.pt\/wp-content\/uploads\/2022\/01\/IMG_8289-scaled.jpg","type":"image\/jpeg"}],"author":"Marketing Prooptica","twitter_card":"summary_large_image","twitter_misc":{"Escrito por":"Marketing Prooptica","Tiempo de lectura":"1 minuto"},"schema":{"@context":"https:\/\/schema.org","@graph":[{"@type":"Article","@id":"https:\/\/www.prooptica.pt\/prooptica-assina-protocolo-de-cooperacao-com-a-casa-do-artista\/#article","isPartOf":{"@id":"https:\/\/www.prooptica.pt\/prooptica-assina-protocolo-de-cooperacao-com-a-casa-do-artista\/"},"author":{"name":"Marketing Prooptica","@id":"https:\/\/www.prooptica.pt\/home\/#\/schema\/person\/c3afe955f42eef7c9c157838d5be4f29"},"headline":"Prooptica assina Protocolo de Coopera\u00e7\u00e3o com a Casa do Artista","datePublished":"2022-06-24T15:41:16+00:00","dateModified":"2023-02-01T15:38:11+00:00","mainEntityOfPage":{"@id":"https:\/\/www.prooptica.pt\/prooptica-assina-protocolo-de-cooperacao-com-a-casa-do-artista\/"},"wordCount":210,"commentCount":0,"image":{"@id":"https:\/\/www.prooptica.pt\/prooptica-assina-protocolo-de-cooperacao-com-a-casa-do-artista\/#primaryimage"},"thumbnailUrl":"https:\/\/www.prooptica.pt\/wp-content\/uploads\/2022\/01\/IMG_8289-scaled.jpg","articleSection":["Institucional","Solidariedade"],"inLanguage":"es"},{"@type":"WebPage","@id":"https:\/\/www.prooptica.pt\/prooptica-assina-protocolo-de-cooperacao-com-a-casa-do-artista\/","url":"https:\/\/www.prooptica.pt\/prooptica-assina-protocolo-de-cooperacao-com-a-casa-do-artista\/","name":"Prooptica firma un protocolo de cooperaci\u00f3n con la Casa do Artista - Prooptica","isPartOf":{"@id":"https:\/\/www.prooptica.pt\/home\/#website"},"primaryImageOfPage":{"@id":"https:\/\/www.prooptica.pt\/prooptica-assina-protocolo-de-cooperacao-com-a-casa-do-artista\/#primaryimage"},"image":{"@id":"https:\/\/www.prooptica.pt\/prooptica-assina-protocolo-de-cooperacao-com-a-casa-do-artista\/#primaryimage"},"thumbnailUrl":"https:\/\/www.prooptica.pt\/wp-content\/uploads\/2022\/01\/IMG_8289-scaled.jpg","datePublished":"2022-06-24T15:41:16+00:00","dateModified":"2023-02-01T15:38:11+00:00","author":{"@id":"https:\/\/www.prooptica.pt\/home\/#\/schema\/person\/c3afe955f42eef7c9c157838d5be4f29"},"breadcrumb":{"@id":"https:\/\/www.prooptica.pt\/prooptica-assina-protocolo-de-cooperacao-com-a-casa-do-artista\/#breadcrumb"},"inLanguage":"es","potentialAction":[{"@type":"ReadAction","target":["https:\/\/www.prooptica.pt\/prooptica-assina-protocolo-de-cooperacao-com-a-casa-do-artista\/"]}]},{"@type":"ImageObject","inLanguage":"es","@id":"https:\/\/www.prooptica.pt\/prooptica-assina-protocolo-de-cooperacao-com-a-casa-do-artista\/#primaryimage","url":"https:\/\/www.prooptica.pt\/wp-content\/uploads\/2022\/01\/IMG_8289-scaled.jpg","contentUrl":"https:\/\/www.prooptica.pt\/wp-content\/uploads\/2022\/01\/IMG_8289-scaled.jpg","width":2560,"height":1707},{"@type":"BreadcrumbList","@id":"https:\/\/www.prooptica.pt\/prooptica-assina-protocolo-de-cooperacao-com-a-casa-do-artista\/#breadcrumb","itemListElement":[{"@type":"ListItem","position":1,"name":"In\u00edcio","item":"https:\/\/www.prooptica.pt\/"},{"@type":"ListItem","position":2,"name":"Prooptica assina Protocolo de Coopera\u00e7\u00e3o com a Casa do Artista"}]},{"@type":"WebSite","@id":"https:\/\/www.prooptica.pt\/home\/#website","url":"https:\/\/www.prooptica.pt\/home\/","name":"Prooptica","description":"Concepto de gafas completas","potentialAction":[{"@type":"SearchAction","target":{"@type":"EntryPoint","urlTemplate":"https:\/\/www.prooptica.pt\/home\/?s={search_term_string}"},"query-input":{"@type":"PropertyValueSpecification","valueRequired":true,"valueName":"search_term_string"}}],"inLanguage":"es"},{"@type":"Person","@id":"https:\/\/www.prooptica.pt\/home\/#\/schema\/person\/c3afe955f42eef7c9c157838d5be4f29","name":"Comercializaci\u00f3n de Prooptica","image":{"@type":"ImageObject","inLanguage":"es","@id":"https:\/\/secure.gravatar.com\/avatar\/23248622405e2ce007d39ad746d368991c744fa6fce97036e33e8d9221859ae3?s=96&d=mm&r=g","url":"https:\/\/secure.gravatar.com\/avatar\/23248622405e2ce007d39ad746d368991c744fa6fce97036e33e8d9221859ae3?s=96&d=mm&r=g","contentUrl":"https:\/\/secure.gravatar.com\/avatar\/23248622405e2ce007d39ad746d368991c744fa6fce97036e33e8d9221859ae3?s=96&d=mm&r=g","caption":"Marketing Prooptica"},"url":"https:\/\/www.prooptica.pt\/es\/author\/marketing\/"}]}},"_links":{"self":[{"href":"https:\/\/www.prooptica.pt\/es\/wp-json\/wp\/v2\/posts\/5985","targetHints":{"allow":["GET"]}}],"collection":[{"href":"https:\/\/www.prooptica.pt\/es\/wp-json\/wp\/v2\/posts"}],"about":[{"href":"https:\/\/www.prooptica.pt\/es\/wp-json\/wp\/v2\/types\/post"}],"author":[{"embeddable":true,"href":"https:\/\/www.prooptica.pt\/es\/wp-json\/wp\/v2\/users\/3"}],"replies":[{"embeddable":true,"href":"https:\/\/www.prooptica.pt\/es\/wp-json\/wp\/v2\/comments?post=5985"}],"version-history":[{"count":0,"href":"https:\/\/www.prooptica.pt\/es\/wp-json\/wp\/v2\/posts\/5985\/revisions"}],"wp:featuredmedia":[{"embeddable":true,"href":"https:\/\/www.prooptica.pt\/es\/wp-json\/wp\/v2\/media\/5986"}],"wp:attachment":[{"href":"https:\/\/www.prooptica.pt\/es\/wp-json\/wp\/v2\/media?parent=5985"}],"wp:term":[{"taxonomy":"category","embeddable":true,"href":"https:\/\/www.prooptica.pt\/es\/wp-json\/wp\/v2\/categories?post=5985"},{"taxonomy":"post_tag","embeddable":true,"href":"https:\/\/www.prooptica.pt\/es\/wp-json\/wp\/v2\/tags?post=5985"}],"curies":[{"name":"wp","href":"https:\/\/api.w.org\/{rel}","templated":true}]}}