{"id":6004,"date":"2022-01-21T16:23:16","date_gmt":"2022-01-21T16:23:16","guid":{"rendered":"https:\/\/prooptica.pt\/?p=6004"},"modified":"2023-02-01T15:39:41","modified_gmt":"2023-02-01T15:39:41","slug":"luis-justino-en-una-entrevista-con-la-revista-millioneyes","status":"publish","type":"post","link":"https:\/\/www.prooptica.pt\/es\/luis-justino-em-entrevista-a-revista-millioneyes\/","title":{"rendered":"Lu\u00eds Justino en una entrevista con la revista MillionEyes"},"content":{"rendered":"<div style=\"text-align: left;\">\n<div>En el a\u00f1o en que Prooptica celebra 20 a\u00f1os invirtiendo en el dise\u00f1o portugu\u00e9s, Luis Justino revela en una entrevista con MillionEyes los secretos de su \u00e9xito, las dificultades que ha superado y la importancia de las gafas nacionales en la estrategia de la empresa.<\/div>\n<div><\/div>\n<div><strong>Lea la entrevista completa aqu\u00ed: <span style=\"color: #52a0d7;\"><a style=\"color: #52a0d7;\" href=\"https:\/\/prooptica.pt\/wp-content\/uploads\/2023\/01\/MILLIONEYES-ENTREVISTA.pdf\" target=\"_blank\" rel=\"noopener\">Entrevista Lu\u00eds Justino | Millioneyes<\/a><\/span><\/strong><\/div>\n<\/div>\n<div><\/div>","protected":false},"excerpt":{"rendered":"<p>No ano em que a Prooptica celebra 20 anos de aposta em design portugu\u00eas, Luis Justino revela em entrevista \u00e0 MillionEyes os segredos do sucesso, as dificuldades superadas e import\u00e2ncia que o eyewear nacional tem na estrat\u00e9gia da empresa. Leia a entrevista completa aqui: Entrevista [\u2026]<\/p>\n","protected":false},"author":3,"featured_media":6005,"comment_status":"open","ping_status":"open","sticky":false,"template":"","format":"standard","meta":{"footnotes":""},"categories":[195],"tags":[],"class_list":["post-6004","post","type-post","status-publish","format-standard","has-post-thumbnail","hentry","category-institucional"],"yoast_head":"<!-- This site is optimized with the Yoast SEO plugin v27.4 - https:\/\/yoast.com\/product\/yoast-seo-wordpress\/ -->\n<title>Lu\u00eds Justino em entrevista \u00e0 revista MillionEyes - Prooptica<\/title>\n<meta name=\"robots\" content=\"index, follow, max-snippet:-1, max-image-preview:large, max-video-preview:-1\" \/>\n<link rel=\"canonical\" href=\"https:\/\/www.prooptica.pt\/es\/luis-justino-en-una-entrevista-con-la-revista-millioneyes\/\" \/>\n<meta property=\"og:locale\" content=\"es_ES\" \/>\n<meta property=\"og:type\" content=\"article\" \/>\n<meta property=\"og:title\" content=\"Lu\u00eds Justino em entrevista \u00e0 revista MillionEyes - Prooptica\" \/>\n<meta property=\"og:description\" content=\"No ano em que a Prooptica celebra 20 anos de aposta em design portugu\u00eas, Luis Justino revela em entrevista \u00e0 MillionEyes os segredos do sucesso, as dificuldades superadas e import\u00e2ncia que o eyewear nacional tem na estrat\u00e9gia da empresa. Leia a entrevista completa aqui: Entrevista [\u2026]\" \/>\n<meta property=\"og:url\" content=\"https:\/\/www.prooptica.pt\/es\/luis-justino-en-una-entrevista-con-la-revista-millioneyes\/\" \/>\n<meta property=\"og:site_name\" content=\"Prooptica\" \/>\n<meta property=\"article:published_time\" content=\"2022-01-21T16:23:16+00:00\" \/>\n<meta property=\"article:modified_time\" content=\"2023-02-01T15:39:41+00:00\" \/>\n<meta property=\"og:image\" content=\"https:\/\/www.prooptica.pt\/wp-content\/uploads\/2022\/01\/MILLIONEYES-ENTREVISTA_banner-860x648-1.jpg\" \/>\n\t<meta property=\"og:image:width\" content=\"860\" \/>\n\t<meta property=\"og:image:height\" content=\"648\" \/>\n\t<meta property=\"og:image:type\" content=\"image\/jpeg\" \/>\n<meta name=\"author\" content=\"Marketing Prooptica\" \/>\n<meta name=\"twitter:card\" content=\"summary_large_image\" \/>\n<meta name=\"twitter:label1\" content=\"Escrito por\" \/>\n\t<meta name=\"twitter:data1\" content=\"Marketing Prooptica\" \/>\n\t<meta name=\"twitter:label2\" content=\"Tiempo de lectura\" \/>\n\t<meta name=\"twitter:data2\" content=\"1 minuto\" \/>\n<script type=\"application\/ld+json\" class=\"yoast-schema-graph\">{\"@context\":\"https:\\\/\\\/schema.org\",\"@graph\":[{\"@type\":\"Article\",\"@id\":\"https:\\\/\\\/www.prooptica.pt\\\/luis-justino-em-entrevista-a-revista-millioneyes\\\/#article\",\"isPartOf\":{\"@id\":\"https:\\\/\\\/www.prooptica.pt\\\/luis-justino-em-entrevista-a-revista-millioneyes\\\/\"},\"author\":{\"name\":\"Marketing Prooptica\",\"@id\":\"https:\\\/\\\/www.prooptica.pt\\\/home\\\/#\\\/schema\\\/person\\\/c3afe955f42eef7c9c157838d5be4f29\"},\"headline\":\"Lu\u00eds Justino em entrevista \u00e0 revista MillionEyes\",\"datePublished\":\"2022-01-21T16:23:16+00:00\",\"dateModified\":\"2023-02-01T15:39:41+00:00\",\"mainEntityOfPage\":{\"@id\":\"https:\\\/\\\/www.prooptica.pt\\\/luis-justino-em-entrevista-a-revista-millioneyes\\\/\"},\"wordCount\":57,\"commentCount\":0,\"image\":{\"@id\":\"https:\\\/\\\/www.prooptica.pt\\\/luis-justino-em-entrevista-a-revista-millioneyes\\\/#primaryimage\"},\"thumbnailUrl\":\"https:\\\/\\\/www.prooptica.pt\\\/wp-content\\\/uploads\\\/2022\\\/01\\\/MILLIONEYES-ENTREVISTA_banner-860x648-1.jpg\",\"articleSection\":[\"Institucional\"],\"inLanguage\":\"es\"},{\"@type\":\"WebPage\",\"@id\":\"https:\\\/\\\/www.prooptica.pt\\\/luis-justino-em-entrevista-a-revista-millioneyes\\\/\",\"url\":\"https:\\\/\\\/www.prooptica.pt\\\/luis-justino-em-entrevista-a-revista-millioneyes\\\/\",\"name\":\"Lu\u00eds Justino em entrevista \u00e0 revista MillionEyes - Prooptica\",\"isPartOf\":{\"@id\":\"https:\\\/\\\/www.prooptica.pt\\\/home\\\/#website\"},\"primaryImageOfPage\":{\"@id\":\"https:\\\/\\\/www.prooptica.pt\\\/luis-justino-em-entrevista-a-revista-millioneyes\\\/#primaryimage\"},\"image\":{\"@id\":\"https:\\\/\\\/www.prooptica.pt\\\/luis-justino-em-entrevista-a-revista-millioneyes\\\/#primaryimage\"},\"thumbnailUrl\":\"https:\\\/\\\/www.prooptica.pt\\\/wp-content\\\/uploads\\\/2022\\\/01\\\/MILLIONEYES-ENTREVISTA_banner-860x648-1.jpg\",\"datePublished\":\"2022-01-21T16:23:16+00:00\",\"dateModified\":\"2023-02-01T15:39:41+00:00\",\"author\":{\"@id\":\"https:\\\/\\\/www.prooptica.pt\\\/home\\\/#\\\/schema\\\/person\\\/c3afe955f42eef7c9c157838d5be4f29\"},\"breadcrumb\":{\"@id\":\"https:\\\/\\\/www.prooptica.pt\\\/luis-justino-em-entrevista-a-revista-millioneyes\\\/#breadcrumb\"},\"inLanguage\":\"es\",\"potentialAction\":[{\"@type\":\"ReadAction\",\"target\":[\"https:\\\/\\\/www.prooptica.pt\\\/luis-justino-em-entrevista-a-revista-millioneyes\\\/\"]}]},{\"@type\":\"ImageObject\",\"inLanguage\":\"es\",\"@id\":\"https:\\\/\\\/www.prooptica.pt\\\/luis-justino-em-entrevista-a-revista-millioneyes\\\/#primaryimage\",\"url\":\"https:\\\/\\\/www.prooptica.pt\\\/wp-content\\\/uploads\\\/2022\\\/01\\\/MILLIONEYES-ENTREVISTA_banner-860x648-1.jpg\",\"contentUrl\":\"https:\\\/\\\/www.prooptica.pt\\\/wp-content\\\/uploads\\\/2022\\\/01\\\/MILLIONEYES-ENTREVISTA_banner-860x648-1.jpg\",\"width\":860,\"height\":648},{\"@type\":\"BreadcrumbList\",\"@id\":\"https:\\\/\\\/www.prooptica.pt\\\/luis-justino-em-entrevista-a-revista-millioneyes\\\/#breadcrumb\",\"itemListElement\":[{\"@type\":\"ListItem\",\"position\":1,\"name\":\"In\u00edcio\",\"item\":\"https:\\\/\\\/www.prooptica.pt\\\/\"},{\"@type\":\"ListItem\",\"position\":2,\"name\":\"Lu\u00eds Justino em entrevista \u00e0 revista MillionEyes\"}]},{\"@type\":\"WebSite\",\"@id\":\"https:\\\/\\\/www.prooptica.pt\\\/home\\\/#website\",\"url\":\"https:\\\/\\\/www.prooptica.pt\\\/home\\\/\",\"name\":\"Prooptica\",\"description\":\"Full Eyewear Concept\",\"potentialAction\":[{\"@type\":\"SearchAction\",\"target\":{\"@type\":\"EntryPoint\",\"urlTemplate\":\"https:\\\/\\\/www.prooptica.pt\\\/home\\\/?s={search_term_string}\"},\"query-input\":{\"@type\":\"PropertyValueSpecification\",\"valueRequired\":true,\"valueName\":\"search_term_string\"}}],\"inLanguage\":\"es\"},{\"@type\":\"Person\",\"@id\":\"https:\\\/\\\/www.prooptica.pt\\\/home\\\/#\\\/schema\\\/person\\\/c3afe955f42eef7c9c157838d5be4f29\",\"name\":\"Marketing Prooptica\",\"image\":{\"@type\":\"ImageObject\",\"inLanguage\":\"es\",\"@id\":\"https:\\\/\\\/secure.gravatar.com\\\/avatar\\\/23248622405e2ce007d39ad746d368991c744fa6fce97036e33e8d9221859ae3?s=96&d=mm&r=g\",\"url\":\"https:\\\/\\\/secure.gravatar.com\\\/avatar\\\/23248622405e2ce007d39ad746d368991c744fa6fce97036e33e8d9221859ae3?s=96&d=mm&r=g\",\"contentUrl\":\"https:\\\/\\\/secure.gravatar.com\\\/avatar\\\/23248622405e2ce007d39ad746d368991c744fa6fce97036e33e8d9221859ae3?s=96&d=mm&r=g\",\"caption\":\"Marketing Prooptica\"},\"url\":\"https:\\\/\\\/www.prooptica.pt\\\/es\\\/author\\\/marketing\\\/\"}]}<\/script>\n<!-- \/ Yoast SEO plugin. -->","yoast_head_json":{"title":"Lu\u00eds Justino en una entrevista con la revista MillionEyes - Prooptica","robots":{"index":"index","follow":"follow","max-snippet":"max-snippet:-1","max-image-preview":"max-image-preview:large","max-video-preview":"max-video-preview:-1"},"canonical":"https:\/\/www.prooptica.pt\/es\/luis-justino-en-una-entrevista-con-la-revista-millioneyes\/","og_locale":"es_ES","og_type":"article","og_title":"Lu\u00eds Justino em entrevista \u00e0 revista MillionEyes - Prooptica","og_description":"No ano em que a Prooptica celebra 20 anos de aposta em design portugu\u00eas, Luis Justino revela em entrevista \u00e0 MillionEyes os segredos do sucesso, as dificuldades superadas e import\u00e2ncia que o eyewear nacional tem na estrat\u00e9gia da empresa. Leia a entrevista completa aqui: Entrevista [\u2026]","og_url":"https:\/\/www.prooptica.pt\/es\/luis-justino-en-una-entrevista-con-la-revista-millioneyes\/","og_site_name":"Prooptica","article_published_time":"2022-01-21T16:23:16+00:00","article_modified_time":"2023-02-01T15:39:41+00:00","og_image":[{"width":860,"height":648,"url":"https:\/\/www.prooptica.pt\/wp-content\/uploads\/2022\/01\/MILLIONEYES-ENTREVISTA_banner-860x648-1.jpg","type":"image\/jpeg"}],"author":"Marketing Prooptica","twitter_card":"summary_large_image","twitter_misc":{"Escrito por":"Marketing Prooptica","Tiempo de lectura":"1 minuto"},"schema":{"@context":"https:\/\/schema.org","@graph":[{"@type":"Article","@id":"https:\/\/www.prooptica.pt\/luis-justino-em-entrevista-a-revista-millioneyes\/#article","isPartOf":{"@id":"https:\/\/www.prooptica.pt\/luis-justino-em-entrevista-a-revista-millioneyes\/"},"author":{"name":"Marketing Prooptica","@id":"https:\/\/www.prooptica.pt\/home\/#\/schema\/person\/c3afe955f42eef7c9c157838d5be4f29"},"headline":"Lu\u00eds Justino em entrevista \u00e0 revista MillionEyes","datePublished":"2022-01-21T16:23:16+00:00","dateModified":"2023-02-01T15:39:41+00:00","mainEntityOfPage":{"@id":"https:\/\/www.prooptica.pt\/luis-justino-em-entrevista-a-revista-millioneyes\/"},"wordCount":57,"commentCount":0,"image":{"@id":"https:\/\/www.prooptica.pt\/luis-justino-em-entrevista-a-revista-millioneyes\/#primaryimage"},"thumbnailUrl":"https:\/\/www.prooptica.pt\/wp-content\/uploads\/2022\/01\/MILLIONEYES-ENTREVISTA_banner-860x648-1.jpg","articleSection":["Institucional"],"inLanguage":"es"},{"@type":"WebPage","@id":"https:\/\/www.prooptica.pt\/luis-justino-em-entrevista-a-revista-millioneyes\/","url":"https:\/\/www.prooptica.pt\/luis-justino-em-entrevista-a-revista-millioneyes\/","name":"Lu\u00eds Justino en una entrevista con la revista MillionEyes - Prooptica","isPartOf":{"@id":"https:\/\/www.prooptica.pt\/home\/#website"},"primaryImageOfPage":{"@id":"https:\/\/www.prooptica.pt\/luis-justino-em-entrevista-a-revista-millioneyes\/#primaryimage"},"image":{"@id":"https:\/\/www.prooptica.pt\/luis-justino-em-entrevista-a-revista-millioneyes\/#primaryimage"},"thumbnailUrl":"https:\/\/www.prooptica.pt\/wp-content\/uploads\/2022\/01\/MILLIONEYES-ENTREVISTA_banner-860x648-1.jpg","datePublished":"2022-01-21T16:23:16+00:00","dateModified":"2023-02-01T15:39:41+00:00","author":{"@id":"https:\/\/www.prooptica.pt\/home\/#\/schema\/person\/c3afe955f42eef7c9c157838d5be4f29"},"breadcrumb":{"@id":"https:\/\/www.prooptica.pt\/luis-justino-em-entrevista-a-revista-millioneyes\/#breadcrumb"},"inLanguage":"es","potentialAction":[{"@type":"ReadAction","target":["https:\/\/www.prooptica.pt\/luis-justino-em-entrevista-a-revista-millioneyes\/"]}]},{"@type":"ImageObject","inLanguage":"es","@id":"https:\/\/www.prooptica.pt\/luis-justino-em-entrevista-a-revista-millioneyes\/#primaryimage","url":"https:\/\/www.prooptica.pt\/wp-content\/uploads\/2022\/01\/MILLIONEYES-ENTREVISTA_banner-860x648-1.jpg","contentUrl":"https:\/\/www.prooptica.pt\/wp-content\/uploads\/2022\/01\/MILLIONEYES-ENTREVISTA_banner-860x648-1.jpg","width":860,"height":648},{"@type":"BreadcrumbList","@id":"https:\/\/www.prooptica.pt\/luis-justino-em-entrevista-a-revista-millioneyes\/#breadcrumb","itemListElement":[{"@type":"ListItem","position":1,"name":"In\u00edcio","item":"https:\/\/www.prooptica.pt\/"},{"@type":"ListItem","position":2,"name":"Lu\u00eds Justino em entrevista \u00e0 revista MillionEyes"}]},{"@type":"WebSite","@id":"https:\/\/www.prooptica.pt\/home\/#website","url":"https:\/\/www.prooptica.pt\/home\/","name":"Prooptica","description":"Concepto de gafas completas","potentialAction":[{"@type":"SearchAction","target":{"@type":"EntryPoint","urlTemplate":"https:\/\/www.prooptica.pt\/home\/?s={search_term_string}"},"query-input":{"@type":"PropertyValueSpecification","valueRequired":true,"valueName":"search_term_string"}}],"inLanguage":"es"},{"@type":"Person","@id":"https:\/\/www.prooptica.pt\/home\/#\/schema\/person\/c3afe955f42eef7c9c157838d5be4f29","name":"Comercializaci\u00f3n de Prooptica","image":{"@type":"ImageObject","inLanguage":"es","@id":"https:\/\/secure.gravatar.com\/avatar\/23248622405e2ce007d39ad746d368991c744fa6fce97036e33e8d9221859ae3?s=96&d=mm&r=g","url":"https:\/\/secure.gravatar.com\/avatar\/23248622405e2ce007d39ad746d368991c744fa6fce97036e33e8d9221859ae3?s=96&d=mm&r=g","contentUrl":"https:\/\/secure.gravatar.com\/avatar\/23248622405e2ce007d39ad746d368991c744fa6fce97036e33e8d9221859ae3?s=96&d=mm&r=g","caption":"Marketing Prooptica"},"url":"https:\/\/www.prooptica.pt\/es\/author\/marketing\/"}]}},"_links":{"self":[{"href":"https:\/\/www.prooptica.pt\/es\/wp-json\/wp\/v2\/posts\/6004","targetHints":{"allow":["GET"]}}],"collection":[{"href":"https:\/\/www.prooptica.pt\/es\/wp-json\/wp\/v2\/posts"}],"about":[{"href":"https:\/\/www.prooptica.pt\/es\/wp-json\/wp\/v2\/types\/post"}],"author":[{"embeddable":true,"href":"https:\/\/www.prooptica.pt\/es\/wp-json\/wp\/v2\/users\/3"}],"replies":[{"embeddable":true,"href":"https:\/\/www.prooptica.pt\/es\/wp-json\/wp\/v2\/comments?post=6004"}],"version-history":[{"count":0,"href":"https:\/\/www.prooptica.pt\/es\/wp-json\/wp\/v2\/posts\/6004\/revisions"}],"wp:featuredmedia":[{"embeddable":true,"href":"https:\/\/www.prooptica.pt\/es\/wp-json\/wp\/v2\/media\/6005"}],"wp:attachment":[{"href":"https:\/\/www.prooptica.pt\/es\/wp-json\/wp\/v2\/media?parent=6004"}],"wp:term":[{"taxonomy":"category","embeddable":true,"href":"https:\/\/www.prooptica.pt\/es\/wp-json\/wp\/v2\/categories?post=6004"},{"taxonomy":"post_tag","embeddable":true,"href":"https:\/\/www.prooptica.pt\/es\/wp-json\/wp\/v2\/tags?post=6004"}],"curies":[{"name":"wp","href":"https:\/\/api.w.org\/{rel}","templated":true}]}}