{"id":6007,"date":"2022-01-21T16:28:03","date_gmt":"2022-01-21T16:28:03","guid":{"rendered":"https:\/\/prooptica.pt\/?p=6007"},"modified":"2023-01-31T17:18:35","modified_gmt":"2023-01-31T17:18:35","slug":"luis-justino-en-una-entrevista-con-la-revista-opticapro","status":"publish","type":"post","link":"https:\/\/www.prooptica.pt\/es\/luis-justino-em-entrevista-a-revista-opticapro\/","title":{"rendered":"Lu\u00eds Justino en una entrevista con la revista OpticaPro"},"content":{"rendered":"<div style=\"text-align: left;\">\n<div>\n<div>\n<p>Bajo el lema 20 a\u00f1os de Moda y Cultura Portuguesa, Lu\u00eds Justino, CEO de Prooptica, habl\u00f3 con \u00d3pticaPro y desvel\u00f3 algunas de las novedades para la pr\u00f3xima temporada: \"<em>El pr\u00f3ximo a\u00f1o, el mercado puede esperar el lanzamiento de una nueva marca portuguesa (...), que ofrecer\u00e1 a los \u00f3pticos una gran oportunidad precio\/calidad y permitir\u00e1 una rentabilidad muy interesante dentro de los segmentos en los que trabajamos.\"<\/em><\/p>\n<\/div>\n<div><strong>Lea la entrevista completa aqu\u00ed: <span style=\"color: #3366ff;\"><a style=\"color: #3366ff;\" href=\"http:\/\/www.prooptica.pt\/wp-content\/uploads\/2021\/12\/Entrevista-Luis-Justino-OpticaPro.pdf\" target=\"_blank\" rel=\"noopener noreferrer\">Entrevista Lu\u00eds Justino | OpticaPro<\/a><\/span><\/strong><\/div>\n<\/div>\n<\/div>","protected":false},"excerpt":{"rendered":"<p>Sob o tema 20 anos de Moda e Cultura Portuguesa, Lu\u00eds Justino CEO da Prooptica, falou com a \u00d3pticaPro e  revela algumas novidades da pr\u00f3xima tem\u00adporada: \u201cO mercado pode esperar, no pr\u00f3ximo ano o lan\u00e7amento de uma nova marca portuguesa (\u2026),que proporcio\u00adnar\u00e1 aos \u00f3ticos uma [\u2026]<\/p>\n","protected":false},"author":3,"featured_media":6008,"comment_status":"open","ping_status":"open","sticky":false,"template":"","format":"standard","meta":{"footnotes":""},"categories":[195],"tags":[],"class_list":["post-6007","post","type-post","status-publish","format-standard","has-post-thumbnail","hentry","category-institucional"],"yoast_head":"<!-- This site is optimized with the Yoast SEO plugin v27.4 - https:\/\/yoast.com\/product\/yoast-seo-wordpress\/ -->\n<title>Lu\u00eds Justino em entrevista \u00e0 revista OpticaPro - Prooptica<\/title>\n<meta name=\"robots\" content=\"index, follow, max-snippet:-1, max-image-preview:large, max-video-preview:-1\" \/>\n<link rel=\"canonical\" href=\"https:\/\/www.prooptica.pt\/es\/luis-justino-en-una-entrevista-con-la-revista-opticapro\/\" \/>\n<meta property=\"og:locale\" content=\"es_ES\" \/>\n<meta property=\"og:type\" content=\"article\" \/>\n<meta property=\"og:title\" content=\"Lu\u00eds Justino em entrevista \u00e0 revista OpticaPro - Prooptica\" \/>\n<meta property=\"og:description\" content=\"Sob o tema 20 anos de Moda e Cultura Portuguesa, Lu\u00eds Justino CEO da Prooptica, falou com a \u00d3pticaPro e revela algumas novidades da pr\u00f3xima tem\u00adporada: \u201cO mercado pode esperar, no pr\u00f3ximo ano o lan\u00e7amento de uma nova marca portuguesa (\u2026),que proporcio\u00adnar\u00e1 aos \u00f3ticos uma [\u2026]\" \/>\n<meta property=\"og:url\" content=\"https:\/\/www.prooptica.pt\/es\/luis-justino-en-una-entrevista-con-la-revista-opticapro\/\" \/>\n<meta property=\"og:site_name\" content=\"Prooptica\" \/>\n<meta property=\"article:published_time\" content=\"2022-01-21T16:28:03+00:00\" \/>\n<meta property=\"article:modified_time\" content=\"2023-01-31T17:18:35+00:00\" \/>\n<meta property=\"og:image\" content=\"https:\/\/www.prooptica.pt\/wp-content\/uploads\/2022\/01\/Captura-de-ecra-2021-12-21-101619.png\" \/>\n\t<meta property=\"og:image:width\" content=\"718\" \/>\n\t<meta property=\"og:image:height\" content=\"595\" \/>\n\t<meta property=\"og:image:type\" content=\"image\/png\" \/>\n<meta name=\"author\" content=\"Marketing Prooptica\" \/>\n<meta name=\"twitter:card\" content=\"summary_large_image\" \/>\n<meta name=\"twitter:label1\" content=\"Escrito por\" \/>\n\t<meta name=\"twitter:data1\" content=\"Marketing Prooptica\" \/>\n\t<meta name=\"twitter:label2\" content=\"Tiempo de lectura\" \/>\n\t<meta name=\"twitter:data2\" content=\"1 minuto\" \/>\n<script type=\"application\/ld+json\" class=\"yoast-schema-graph\">{\"@context\":\"https:\\\/\\\/schema.org\",\"@graph\":[{\"@type\":\"Article\",\"@id\":\"https:\\\/\\\/www.prooptica.pt\\\/luis-justino-em-entrevista-a-revista-opticapro\\\/#article\",\"isPartOf\":{\"@id\":\"https:\\\/\\\/www.prooptica.pt\\\/luis-justino-em-entrevista-a-revista-opticapro\\\/\"},\"author\":{\"name\":\"Marketing Prooptica\",\"@id\":\"https:\\\/\\\/www.prooptica.pt\\\/home\\\/#\\\/schema\\\/person\\\/c3afe955f42eef7c9c157838d5be4f29\"},\"headline\":\"Lu\u00eds Justino em entrevista \u00e0 revista OpticaPro\",\"datePublished\":\"2022-01-21T16:28:03+00:00\",\"dateModified\":\"2023-01-31T17:18:35+00:00\",\"mainEntityOfPage\":{\"@id\":\"https:\\\/\\\/www.prooptica.pt\\\/luis-justino-em-entrevista-a-revista-opticapro\\\/\"},\"wordCount\":86,\"commentCount\":0,\"image\":{\"@id\":\"https:\\\/\\\/www.prooptica.pt\\\/luis-justino-em-entrevista-a-revista-opticapro\\\/#primaryimage\"},\"thumbnailUrl\":\"https:\\\/\\\/www.prooptica.pt\\\/wp-content\\\/uploads\\\/2022\\\/01\\\/Captura-de-ecra-2021-12-21-101619.png\",\"articleSection\":[\"Institucional\"],\"inLanguage\":\"es\"},{\"@type\":\"WebPage\",\"@id\":\"https:\\\/\\\/www.prooptica.pt\\\/luis-justino-em-entrevista-a-revista-opticapro\\\/\",\"url\":\"https:\\\/\\\/www.prooptica.pt\\\/luis-justino-em-entrevista-a-revista-opticapro\\\/\",\"name\":\"Lu\u00eds Justino em entrevista \u00e0 revista OpticaPro - Prooptica\",\"isPartOf\":{\"@id\":\"https:\\\/\\\/www.prooptica.pt\\\/home\\\/#website\"},\"primaryImageOfPage\":{\"@id\":\"https:\\\/\\\/www.prooptica.pt\\\/luis-justino-em-entrevista-a-revista-opticapro\\\/#primaryimage\"},\"image\":{\"@id\":\"https:\\\/\\\/www.prooptica.pt\\\/luis-justino-em-entrevista-a-revista-opticapro\\\/#primaryimage\"},\"thumbnailUrl\":\"https:\\\/\\\/www.prooptica.pt\\\/wp-content\\\/uploads\\\/2022\\\/01\\\/Captura-de-ecra-2021-12-21-101619.png\",\"datePublished\":\"2022-01-21T16:28:03+00:00\",\"dateModified\":\"2023-01-31T17:18:35+00:00\",\"author\":{\"@id\":\"https:\\\/\\\/www.prooptica.pt\\\/home\\\/#\\\/schema\\\/person\\\/c3afe955f42eef7c9c157838d5be4f29\"},\"breadcrumb\":{\"@id\":\"https:\\\/\\\/www.prooptica.pt\\\/luis-justino-em-entrevista-a-revista-opticapro\\\/#breadcrumb\"},\"inLanguage\":\"es\",\"potentialAction\":[{\"@type\":\"ReadAction\",\"target\":[\"https:\\\/\\\/www.prooptica.pt\\\/luis-justino-em-entrevista-a-revista-opticapro\\\/\"]}]},{\"@type\":\"ImageObject\",\"inLanguage\":\"es\",\"@id\":\"https:\\\/\\\/www.prooptica.pt\\\/luis-justino-em-entrevista-a-revista-opticapro\\\/#primaryimage\",\"url\":\"https:\\\/\\\/www.prooptica.pt\\\/wp-content\\\/uploads\\\/2022\\\/01\\\/Captura-de-ecra-2021-12-21-101619.png\",\"contentUrl\":\"https:\\\/\\\/www.prooptica.pt\\\/wp-content\\\/uploads\\\/2022\\\/01\\\/Captura-de-ecra-2021-12-21-101619.png\",\"width\":718,\"height\":595},{\"@type\":\"BreadcrumbList\",\"@id\":\"https:\\\/\\\/www.prooptica.pt\\\/luis-justino-em-entrevista-a-revista-opticapro\\\/#breadcrumb\",\"itemListElement\":[{\"@type\":\"ListItem\",\"position\":1,\"name\":\"In\u00edcio\",\"item\":\"https:\\\/\\\/www.prooptica.pt\\\/\"},{\"@type\":\"ListItem\",\"position\":2,\"name\":\"Lu\u00eds Justino em entrevista \u00e0 revista OpticaPro\"}]},{\"@type\":\"WebSite\",\"@id\":\"https:\\\/\\\/www.prooptica.pt\\\/home\\\/#website\",\"url\":\"https:\\\/\\\/www.prooptica.pt\\\/home\\\/\",\"name\":\"Prooptica\",\"description\":\"Full Eyewear Concept\",\"potentialAction\":[{\"@type\":\"SearchAction\",\"target\":{\"@type\":\"EntryPoint\",\"urlTemplate\":\"https:\\\/\\\/www.prooptica.pt\\\/home\\\/?s={search_term_string}\"},\"query-input\":{\"@type\":\"PropertyValueSpecification\",\"valueRequired\":true,\"valueName\":\"search_term_string\"}}],\"inLanguage\":\"es\"},{\"@type\":\"Person\",\"@id\":\"https:\\\/\\\/www.prooptica.pt\\\/home\\\/#\\\/schema\\\/person\\\/c3afe955f42eef7c9c157838d5be4f29\",\"name\":\"Marketing Prooptica\",\"image\":{\"@type\":\"ImageObject\",\"inLanguage\":\"es\",\"@id\":\"https:\\\/\\\/secure.gravatar.com\\\/avatar\\\/23248622405e2ce007d39ad746d368991c744fa6fce97036e33e8d9221859ae3?s=96&d=mm&r=g\",\"url\":\"https:\\\/\\\/secure.gravatar.com\\\/avatar\\\/23248622405e2ce007d39ad746d368991c744fa6fce97036e33e8d9221859ae3?s=96&d=mm&r=g\",\"contentUrl\":\"https:\\\/\\\/secure.gravatar.com\\\/avatar\\\/23248622405e2ce007d39ad746d368991c744fa6fce97036e33e8d9221859ae3?s=96&d=mm&r=g\",\"caption\":\"Marketing Prooptica\"},\"url\":\"https:\\\/\\\/www.prooptica.pt\\\/es\\\/author\\\/marketing\\\/\"}]}<\/script>\n<!-- \/ Yoast SEO plugin. -->","yoast_head_json":{"title":"Lu\u00eds Justino en una entrevista con la revista OpticaPro - Prooptica","robots":{"index":"index","follow":"follow","max-snippet":"max-snippet:-1","max-image-preview":"max-image-preview:large","max-video-preview":"max-video-preview:-1"},"canonical":"https:\/\/www.prooptica.pt\/es\/luis-justino-en-una-entrevista-con-la-revista-opticapro\/","og_locale":"es_ES","og_type":"article","og_title":"Lu\u00eds Justino em entrevista \u00e0 revista OpticaPro - Prooptica","og_description":"Sob o tema 20 anos de Moda e Cultura Portuguesa, Lu\u00eds Justino CEO da Prooptica, falou com a \u00d3pticaPro e revela algumas novidades da pr\u00f3xima tem\u00adporada: \u201cO mercado pode esperar, no pr\u00f3ximo ano o lan\u00e7amento de uma nova marca portuguesa (\u2026),que proporcio\u00adnar\u00e1 aos \u00f3ticos uma [\u2026]","og_url":"https:\/\/www.prooptica.pt\/es\/luis-justino-en-una-entrevista-con-la-revista-opticapro\/","og_site_name":"Prooptica","article_published_time":"2022-01-21T16:28:03+00:00","article_modified_time":"2023-01-31T17:18:35+00:00","og_image":[{"width":718,"height":595,"url":"https:\/\/www.prooptica.pt\/wp-content\/uploads\/2022\/01\/Captura-de-ecra-2021-12-21-101619.png","type":"image\/png"}],"author":"Marketing Prooptica","twitter_card":"summary_large_image","twitter_misc":{"Escrito por":"Marketing Prooptica","Tiempo de lectura":"1 minuto"},"schema":{"@context":"https:\/\/schema.org","@graph":[{"@type":"Article","@id":"https:\/\/www.prooptica.pt\/luis-justino-em-entrevista-a-revista-opticapro\/#article","isPartOf":{"@id":"https:\/\/www.prooptica.pt\/luis-justino-em-entrevista-a-revista-opticapro\/"},"author":{"name":"Marketing Prooptica","@id":"https:\/\/www.prooptica.pt\/home\/#\/schema\/person\/c3afe955f42eef7c9c157838d5be4f29"},"headline":"Lu\u00eds Justino em entrevista \u00e0 revista OpticaPro","datePublished":"2022-01-21T16:28:03+00:00","dateModified":"2023-01-31T17:18:35+00:00","mainEntityOfPage":{"@id":"https:\/\/www.prooptica.pt\/luis-justino-em-entrevista-a-revista-opticapro\/"},"wordCount":86,"commentCount":0,"image":{"@id":"https:\/\/www.prooptica.pt\/luis-justino-em-entrevista-a-revista-opticapro\/#primaryimage"},"thumbnailUrl":"https:\/\/www.prooptica.pt\/wp-content\/uploads\/2022\/01\/Captura-de-ecra-2021-12-21-101619.png","articleSection":["Institucional"],"inLanguage":"es"},{"@type":"WebPage","@id":"https:\/\/www.prooptica.pt\/luis-justino-em-entrevista-a-revista-opticapro\/","url":"https:\/\/www.prooptica.pt\/luis-justino-em-entrevista-a-revista-opticapro\/","name":"Lu\u00eds Justino en una entrevista con la revista OpticaPro - Prooptica","isPartOf":{"@id":"https:\/\/www.prooptica.pt\/home\/#website"},"primaryImageOfPage":{"@id":"https:\/\/www.prooptica.pt\/luis-justino-em-entrevista-a-revista-opticapro\/#primaryimage"},"image":{"@id":"https:\/\/www.prooptica.pt\/luis-justino-em-entrevista-a-revista-opticapro\/#primaryimage"},"thumbnailUrl":"https:\/\/www.prooptica.pt\/wp-content\/uploads\/2022\/01\/Captura-de-ecra-2021-12-21-101619.png","datePublished":"2022-01-21T16:28:03+00:00","dateModified":"2023-01-31T17:18:35+00:00","author":{"@id":"https:\/\/www.prooptica.pt\/home\/#\/schema\/person\/c3afe955f42eef7c9c157838d5be4f29"},"breadcrumb":{"@id":"https:\/\/www.prooptica.pt\/luis-justino-em-entrevista-a-revista-opticapro\/#breadcrumb"},"inLanguage":"es","potentialAction":[{"@type":"ReadAction","target":["https:\/\/www.prooptica.pt\/luis-justino-em-entrevista-a-revista-opticapro\/"]}]},{"@type":"ImageObject","inLanguage":"es","@id":"https:\/\/www.prooptica.pt\/luis-justino-em-entrevista-a-revista-opticapro\/#primaryimage","url":"https:\/\/www.prooptica.pt\/wp-content\/uploads\/2022\/01\/Captura-de-ecra-2021-12-21-101619.png","contentUrl":"https:\/\/www.prooptica.pt\/wp-content\/uploads\/2022\/01\/Captura-de-ecra-2021-12-21-101619.png","width":718,"height":595},{"@type":"BreadcrumbList","@id":"https:\/\/www.prooptica.pt\/luis-justino-em-entrevista-a-revista-opticapro\/#breadcrumb","itemListElement":[{"@type":"ListItem","position":1,"name":"In\u00edcio","item":"https:\/\/www.prooptica.pt\/"},{"@type":"ListItem","position":2,"name":"Lu\u00eds Justino em entrevista \u00e0 revista OpticaPro"}]},{"@type":"WebSite","@id":"https:\/\/www.prooptica.pt\/home\/#website","url":"https:\/\/www.prooptica.pt\/home\/","name":"Prooptica","description":"Concepto de gafas completas","potentialAction":[{"@type":"SearchAction","target":{"@type":"EntryPoint","urlTemplate":"https:\/\/www.prooptica.pt\/home\/?s={search_term_string}"},"query-input":{"@type":"PropertyValueSpecification","valueRequired":true,"valueName":"search_term_string"}}],"inLanguage":"es"},{"@type":"Person","@id":"https:\/\/www.prooptica.pt\/home\/#\/schema\/person\/c3afe955f42eef7c9c157838d5be4f29","name":"Comercializaci\u00f3n de Prooptica","image":{"@type":"ImageObject","inLanguage":"es","@id":"https:\/\/secure.gravatar.com\/avatar\/23248622405e2ce007d39ad746d368991c744fa6fce97036e33e8d9221859ae3?s=96&d=mm&r=g","url":"https:\/\/secure.gravatar.com\/avatar\/23248622405e2ce007d39ad746d368991c744fa6fce97036e33e8d9221859ae3?s=96&d=mm&r=g","contentUrl":"https:\/\/secure.gravatar.com\/avatar\/23248622405e2ce007d39ad746d368991c744fa6fce97036e33e8d9221859ae3?s=96&d=mm&r=g","caption":"Marketing Prooptica"},"url":"https:\/\/www.prooptica.pt\/es\/author\/marketing\/"}]}},"_links":{"self":[{"href":"https:\/\/www.prooptica.pt\/es\/wp-json\/wp\/v2\/posts\/6007","targetHints":{"allow":["GET"]}}],"collection":[{"href":"https:\/\/www.prooptica.pt\/es\/wp-json\/wp\/v2\/posts"}],"about":[{"href":"https:\/\/www.prooptica.pt\/es\/wp-json\/wp\/v2\/types\/post"}],"author":[{"embeddable":true,"href":"https:\/\/www.prooptica.pt\/es\/wp-json\/wp\/v2\/users\/3"}],"replies":[{"embeddable":true,"href":"https:\/\/www.prooptica.pt\/es\/wp-json\/wp\/v2\/comments?post=6007"}],"version-history":[{"count":0,"href":"https:\/\/www.prooptica.pt\/es\/wp-json\/wp\/v2\/posts\/6007\/revisions"}],"wp:featuredmedia":[{"embeddable":true,"href":"https:\/\/www.prooptica.pt\/es\/wp-json\/wp\/v2\/media\/6008"}],"wp:attachment":[{"href":"https:\/\/www.prooptica.pt\/es\/wp-json\/wp\/v2\/media?parent=6007"}],"wp:term":[{"taxonomy":"category","embeddable":true,"href":"https:\/\/www.prooptica.pt\/es\/wp-json\/wp\/v2\/categories?post=6007"},{"taxonomy":"post_tag","embeddable":true,"href":"https:\/\/www.prooptica.pt\/es\/wp-json\/wp\/v2\/tags?post=6007"}],"curies":[{"name":"wp","href":"https:\/\/api.w.org\/{rel}","templated":true}]}}